{"id":3154,"date":"2018-11-21T14:33:56","date_gmt":"2018-11-21T14:33:56","guid":{"rendered":"https:\/\/www.anoretaresort.com\/?p=3154"},"modified":"2025-10-02T14:55:22","modified_gmt":"2025-10-02T14:55:22","slug":"association-of-traders-and-businessmen-acerv-trusts-in-anoreta-golf-to-host-its-gala-of-distinctions","status":"publish","type":"post","link":"https:\/\/www.anoretaresort.com\/en\/association-of-traders-and-businessmen-acerv-trusts-in-anoreta-golf-to-host-its-gala-of-distinctions\/","title":{"rendered":"ASSOCIATION OF TRADERS AND BUSINESSMEN, ACERV, TRUSTS IN A\u00d1ORETA GOLF TO HOST ITS GALA OF DISTINCTIONS"},"content":{"rendered":"\n<h4 class=\"wp-block-heading\">Association of Traders and Businessmen, ACERV, trusts in A\u00f1oreta Golf to host its Gala of Distinctions<\/h4>\n\n\n\n<p>Next December 1st, the XX Gala of Distinctions of the Association of Traders and Businessmen of Rinc\u00f3n de la Victoria will be held in the premises of A\u00f1oreta Golf.<\/p>\n\n\n\n<p>The event, which brings together more than 200 guests every year, aims to recognise the work of local traders, personalities and institutions that project the name of Rincon de la Victoria beyond the town.<\/p>\n\n\n\n<p>CEO of A\u00f1oreta Golf, \u00c1ngel Acha, thanked the ACERV for its trust in A\u00f1oreta Golf in order to celebrate its XX Gala of Distinction, and indicated that both the A\u00f1oreta Golf restaurant and the golf club are open to the public, both members and non-members , and has taken the opportunity to invite all residents of Rincon de la Victoria to visit the facilities, try their gastronomic offer and practice a sport that is on the rise.<\/p>\n\n\n\n<hr class=\"wp-block-separator\"\/>\n\n\n\n<p>In this edition, the work of the local companies will be recognized and, in addition, the actor, playwright and director from Madrid, Jorge Roelas (Madrid, 1960), will receive the ACERV 2018 Special Distinction in recognition of his well-known artistic career, which includes such beloved series like \u2018Oh Se\u00f1or, Se\u00f1or!\u2019 and \u2018M\u00e9dico de Familia\u2019, and to his roots in Rinc\u00f3n de la Victoria, where his current residence is located.<\/p>\n","protected":false},"excerpt":{"rendered":"<p>Association of Traders and Businessmen, ACERV, trusts in A\u00f1oreta Golf to host its Gala of Distinctions Next December 1st, the XX Gala of Distinctions of the Association of Traders and Businessmen of Rinc\u00f3n de la Victoria will be held in the premises of A\u00f1oreta Golf. The event, which brings together more than 200 guests every [&hellip;]<\/p>\n","protected":false},"author":1,"featured_media":2418,"comment_status":"open","ping_status":"open","sticky":false,"template":"","format":"standard","meta":{"footnotes":""},"categories":[41,40],"tags":[],"class_list":["post-3154","post","type-post","status-publish","format-standard","has-post-thumbnail","hentry","category-anoreta-resort","category-golf"],"yoast_head":"<!-- This site is optimized with the Yoast SEO plugin v25.6 - https:\/\/yoast.com\/wordpress\/plugins\/seo\/ -->\n<title>ASSOCIATION OF TRADERS AND BUSINESSMEN, ACERV, TRUSTS IN A\u00d1ORETA GOLF TO HOST ITS GALA OF DISTINCTIONS - A\u00f1oreta Golf<\/title>\n<meta name=\"robots\" content=\"index, follow, max-snippet:-1, max-image-preview:large, max-video-preview:-1\" \/>\n<link rel=\"canonical\" href=\"https:\/\/www.anoretaresort.com\/asociacion-de-comerciantes-y-empresarios-acerv-confia-en-anoreta-golf-para-acoger-su-gala-de-distinciones\/\" \/>\n<meta property=\"og:locale\" content=\"en_US\" \/>\n<meta property=\"og:type\" content=\"article\" \/>\n<meta property=\"og:title\" content=\"ASSOCIATION OF TRADERS AND BUSINESSMEN, ACERV, TRUSTS IN A\u00d1ORETA GOLF TO HOST ITS GALA OF DISTINCTIONS - A\u00f1oreta Golf\" \/>\n<meta property=\"og:description\" content=\"Association of Traders and Businessmen, ACERV, trusts in A\u00f1oreta Golf to host its Gala of Distinctions Next December 1st, the XX Gala of Distinctions of the Association of Traders and Businessmen of Rinc\u00f3n de la Victoria will be held in the premises of A\u00f1oreta Golf. The event, which brings together more than 200 guests every [&hellip;]\" \/>\n<meta property=\"og:url\" content=\"https:\/\/www.anoretaresort.com\/asociacion-de-comerciantes-y-empresarios-acerv-confia-en-anoreta-golf-para-acoger-su-gala-de-distinciones\/\" \/>\n<meta property=\"og:site_name\" content=\"A\u00f1oreta Golf\" \/>\n<meta property=\"article:published_time\" content=\"2018-11-21T14:33:56+00:00\" \/>\n<meta property=\"article:modified_time\" content=\"2025-10-02T14:55:22+00:00\" \/>\n<meta property=\"og:image\" content=\"https:\/\/www.anoretaresort.com\/wp-content\/uploads\/2021\/01\/Salones-Anoreta-Golf_8354b-1.jpg\" \/>\n\t<meta property=\"og:image:width\" content=\"1024\" \/>\n\t<meta property=\"og:image:height\" content=\"682\" \/>\n\t<meta property=\"og:image:type\" content=\"image\/jpeg\" \/>\n<meta name=\"author\" content=\"admin\" \/>\n<meta name=\"twitter:card\" content=\"summary_large_image\" \/>\n<meta name=\"twitter:label1\" content=\"Written by\" \/>\n\t<meta name=\"twitter:data1\" content=\"admin\" \/>\n\t<meta name=\"twitter:label2\" content=\"Est. reading time\" \/>\n\t<meta name=\"twitter:data2\" content=\"1 minute\" \/>\n<script type=\"application\/ld+json\" class=\"yoast-schema-graph\">{\"@context\":\"https:\/\/schema.org\",\"@graph\":[{\"@type\":\"Article\",\"@id\":\"https:\/\/www.anoretaresort.com\/asociacion-de-comerciantes-y-empresarios-acerv-confia-en-anoreta-golf-para-acoger-su-gala-de-distinciones\/#article\",\"isPartOf\":{\"@id\":\"https:\/\/www.anoretaresort.com\/asociacion-de-comerciantes-y-empresarios-acerv-confia-en-anoreta-golf-para-acoger-su-gala-de-distinciones\/\"},\"author\":{\"name\":\"admin\",\"@id\":\"https:\/\/www.anoretaresort.com\/#\/schema\/person\/27c6ee1c36bef1232c008dd4f0b12762\"},\"headline\":\"ASSOCIATION OF TRADERS AND BUSINESSMEN, ACERV, TRUSTS IN A\u00d1ORETA GOLF TO HOST ITS GALA OF DISTINCTIONS\",\"datePublished\":\"2018-11-21T14:33:56+00:00\",\"dateModified\":\"2025-10-02T14:55:22+00:00\",\"mainEntityOfPage\":{\"@id\":\"https:\/\/www.anoretaresort.com\/asociacion-de-comerciantes-y-empresarios-acerv-confia-en-anoreta-golf-para-acoger-su-gala-de-distinciones\/\"},\"wordCount\":247,\"commentCount\":0,\"publisher\":{\"@id\":\"https:\/\/www.anoretaresort.com\/#organization\"},\"image\":{\"@id\":\"https:\/\/www.anoretaresort.com\/asociacion-de-comerciantes-y-empresarios-acerv-confia-en-anoreta-golf-para-acoger-su-gala-de-distinciones\/#primaryimage\"},\"thumbnailUrl\":\"https:\/\/www.anoretaresort.com\/wp-content\/uploads\/2021\/01\/Salones-Anoreta-Golf_8354b-1.jpg\",\"articleSection\":[\"A\u00f1oreta Resort\",\"Golf\"],\"inLanguage\":\"en-US\",\"potentialAction\":[{\"@type\":\"CommentAction\",\"name\":\"Comment\",\"target\":[\"https:\/\/www.anoretaresort.com\/asociacion-de-comerciantes-y-empresarios-acerv-confia-en-anoreta-golf-para-acoger-su-gala-de-distinciones\/#respond\"]}]},{\"@type\":\"WebPage\",\"@id\":\"https:\/\/www.anoretaresort.com\/asociacion-de-comerciantes-y-empresarios-acerv-confia-en-anoreta-golf-para-acoger-su-gala-de-distinciones\/\",\"url\":\"https:\/\/www.anoretaresort.com\/asociacion-de-comerciantes-y-empresarios-acerv-confia-en-anoreta-golf-para-acoger-su-gala-de-distinciones\/\",\"name\":\"ASSOCIATION OF TRADERS AND BUSINESSMEN, ACERV, TRUSTS IN A\u00d1ORETA GOLF TO HOST ITS GALA OF DISTINCTIONS - A\u00f1oreta Golf\",\"isPartOf\":{\"@id\":\"https:\/\/www.anoretaresort.com\/#website\"},\"primaryImageOfPage\":{\"@id\":\"https:\/\/www.anoretaresort.com\/asociacion-de-comerciantes-y-empresarios-acerv-confia-en-anoreta-golf-para-acoger-su-gala-de-distinciones\/#primaryimage\"},\"image\":{\"@id\":\"https:\/\/www.anoretaresort.com\/asociacion-de-comerciantes-y-empresarios-acerv-confia-en-anoreta-golf-para-acoger-su-gala-de-distinciones\/#primaryimage\"},\"thumbnailUrl\":\"https:\/\/www.anoretaresort.com\/wp-content\/uploads\/2021\/01\/Salones-Anoreta-Golf_8354b-1.jpg\",\"datePublished\":\"2018-11-21T14:33:56+00:00\",\"dateModified\":\"2025-10-02T14:55:22+00:00\",\"breadcrumb\":{\"@id\":\"https:\/\/www.anoretaresort.com\/asociacion-de-comerciantes-y-empresarios-acerv-confia-en-anoreta-golf-para-acoger-su-gala-de-distinciones\/#breadcrumb\"},\"inLanguage\":\"en-US\",\"potentialAction\":[{\"@type\":\"ReadAction\",\"target\":[\"https:\/\/www.anoretaresort.com\/asociacion-de-comerciantes-y-empresarios-acerv-confia-en-anoreta-golf-para-acoger-su-gala-de-distinciones\/\"]}]},{\"@type\":\"ImageObject\",\"inLanguage\":\"en-US\",\"@id\":\"https:\/\/www.anoretaresort.com\/asociacion-de-comerciantes-y-empresarios-acerv-confia-en-anoreta-golf-para-acoger-su-gala-de-distinciones\/#primaryimage\",\"url\":\"https:\/\/www.anoretaresort.com\/wp-content\/uploads\/2021\/01\/Salones-Anoreta-Golf_8354b-1.jpg\",\"contentUrl\":\"https:\/\/www.anoretaresort.com\/wp-content\/uploads\/2021\/01\/Salones-Anoreta-Golf_8354b-1.jpg\",\"width\":1024,\"height\":682},{\"@type\":\"BreadcrumbList\",\"@id\":\"https:\/\/www.anoretaresort.com\/asociacion-de-comerciantes-y-empresarios-acerv-confia-en-anoreta-golf-para-acoger-su-gala-de-distinciones\/#breadcrumb\",\"itemListElement\":[{\"@type\":\"ListItem\",\"position\":1,\"name\":\"Inicio\",\"item\":\"https:\/\/www.anoretaresort.com\/en\/\"},{\"@type\":\"ListItem\",\"position\":2,\"name\":\"ASSOCIATION OF TRADERS AND BUSINESSMEN, ACERV, TRUSTS IN A\u00d1ORETA GOLF TO HOST ITS GALA OF DISTINCTIONS\"}]},{\"@type\":\"WebSite\",\"@id\":\"https:\/\/www.anoretaresort.com\/#website\",\"url\":\"https:\/\/www.anoretaresort.com\/\",\"name\":\"A\u00f1oreta Golf\",\"description\":\"A\u00f1oreta Resort, un desaf\u00edo frente al Mar Mediterr\u00e1neo, presenta una propuesta totalmente renovada como Resort &amp; Golf en plena Axarqu\u00eda-Costa del Sol.\",\"publisher\":{\"@id\":\"https:\/\/www.anoretaresort.com\/#organization\"},\"potentialAction\":[{\"@type\":\"SearchAction\",\"target\":{\"@type\":\"EntryPoint\",\"urlTemplate\":\"https:\/\/www.anoretaresort.com\/?s={search_term_string}\"},\"query-input\":{\"@type\":\"PropertyValueSpecification\",\"valueRequired\":true,\"valueName\":\"search_term_string\"}}],\"inLanguage\":\"en-US\"},{\"@type\":\"Organization\",\"@id\":\"https:\/\/www.anoretaresort.com\/#organization\",\"name\":\"A\u00f1oreta Golf\",\"url\":\"https:\/\/www.anoretaresort.com\/\",\"logo\":{\"@type\":\"ImageObject\",\"inLanguage\":\"en-US\",\"@id\":\"https:\/\/www.anoretaresort.com\/#\/schema\/logo\/image\/\",\"url\":\"https:\/\/www.anoretaresort.com\/wp-content\/uploads\/2025\/08\/cropped-Enmascarar-grupo-1-1.png\",\"contentUrl\":\"https:\/\/www.anoretaresort.com\/wp-content\/uploads\/2025\/08\/cropped-Enmascarar-grupo-1-1.png\",\"width\":782,\"height\":287,\"caption\":\"A\u00f1oreta Golf\"},\"image\":{\"@id\":\"https:\/\/www.anoretaresort.com\/#\/schema\/logo\/image\/\"}},{\"@type\":\"Person\",\"@id\":\"https:\/\/www.anoretaresort.com\/#\/schema\/person\/27c6ee1c36bef1232c008dd4f0b12762\",\"name\":\"admin\",\"image\":{\"@type\":\"ImageObject\",\"inLanguage\":\"en-US\",\"@id\":\"https:\/\/www.anoretaresort.com\/#\/schema\/person\/image\/\",\"url\":\"https:\/\/secure.gravatar.com\/avatar\/c513cde02c979a038b11704e7862fb9ea67e4a7877470796b4068ad2e51097a1?s=96&d=mm&r=g\",\"contentUrl\":\"https:\/\/secure.gravatar.com\/avatar\/c513cde02c979a038b11704e7862fb9ea67e4a7877470796b4068ad2e51097a1?s=96&d=mm&r=g\",\"caption\":\"admin\"},\"sameAs\":[\"https:\/\/anoreta.zorrocallao.es\"],\"url\":\"https:\/\/www.anoretaresort.com\/en\/author\/admin\/\"}]}<\/script>\n<!-- \/ Yoast SEO plugin. -->","yoast_head_json":{"title":"ASSOCIATION OF TRADERS AND BUSINESSMEN, ACERV, TRUSTS IN A\u00d1ORETA GOLF TO HOST ITS GALA OF DISTINCTIONS - A\u00f1oreta Golf","robots":{"index":"index","follow":"follow","max-snippet":"max-snippet:-1","max-image-preview":"max-image-preview:large","max-video-preview":"max-video-preview:-1"},"canonical":"https:\/\/www.anoretaresort.com\/asociacion-de-comerciantes-y-empresarios-acerv-confia-en-anoreta-golf-para-acoger-su-gala-de-distinciones\/","og_locale":"en_US","og_type":"article","og_title":"ASSOCIATION OF TRADERS AND BUSINESSMEN, ACERV, TRUSTS IN A\u00d1ORETA GOLF TO HOST ITS GALA OF DISTINCTIONS - A\u00f1oreta Golf","og_description":"Association of Traders and Businessmen, ACERV, trusts in A\u00f1oreta Golf to host its Gala of Distinctions Next December 1st, the XX Gala of Distinctions of the Association of Traders and Businessmen of Rinc\u00f3n de la Victoria will be held in the premises of A\u00f1oreta Golf. The event, which brings together more than 200 guests every [&hellip;]","og_url":"https:\/\/www.anoretaresort.com\/asociacion-de-comerciantes-y-empresarios-acerv-confia-en-anoreta-golf-para-acoger-su-gala-de-distinciones\/","og_site_name":"A\u00f1oreta Golf","article_published_time":"2018-11-21T14:33:56+00:00","article_modified_time":"2025-10-02T14:55:22+00:00","og_image":[{"width":1024,"height":682,"url":"https:\/\/www.anoretaresort.com\/wp-content\/uploads\/2021\/01\/Salones-Anoreta-Golf_8354b-1.jpg","type":"image\/jpeg"}],"author":"admin","twitter_card":"summary_large_image","twitter_misc":{"Written by":"admin","Est. reading time":"1 minute"},"schema":{"@context":"https:\/\/schema.org","@graph":[{"@type":"Article","@id":"https:\/\/www.anoretaresort.com\/asociacion-de-comerciantes-y-empresarios-acerv-confia-en-anoreta-golf-para-acoger-su-gala-de-distinciones\/#article","isPartOf":{"@id":"https:\/\/www.anoretaresort.com\/asociacion-de-comerciantes-y-empresarios-acerv-confia-en-anoreta-golf-para-acoger-su-gala-de-distinciones\/"},"author":{"name":"admin","@id":"https:\/\/www.anoretaresort.com\/#\/schema\/person\/27c6ee1c36bef1232c008dd4f0b12762"},"headline":"ASSOCIATION OF TRADERS AND BUSINESSMEN, ACERV, TRUSTS IN A\u00d1ORETA GOLF TO HOST ITS GALA OF DISTINCTIONS","datePublished":"2018-11-21T14:33:56+00:00","dateModified":"2025-10-02T14:55:22+00:00","mainEntityOfPage":{"@id":"https:\/\/www.anoretaresort.com\/asociacion-de-comerciantes-y-empresarios-acerv-confia-en-anoreta-golf-para-acoger-su-gala-de-distinciones\/"},"wordCount":247,"commentCount":0,"publisher":{"@id":"https:\/\/www.anoretaresort.com\/#organization"},"image":{"@id":"https:\/\/www.anoretaresort.com\/asociacion-de-comerciantes-y-empresarios-acerv-confia-en-anoreta-golf-para-acoger-su-gala-de-distinciones\/#primaryimage"},"thumbnailUrl":"https:\/\/www.anoretaresort.com\/wp-content\/uploads\/2021\/01\/Salones-Anoreta-Golf_8354b-1.jpg","articleSection":["A\u00f1oreta Resort","Golf"],"inLanguage":"en-US","potentialAction":[{"@type":"CommentAction","name":"Comment","target":["https:\/\/www.anoretaresort.com\/asociacion-de-comerciantes-y-empresarios-acerv-confia-en-anoreta-golf-para-acoger-su-gala-de-distinciones\/#respond"]}]},{"@type":"WebPage","@id":"https:\/\/www.anoretaresort.com\/asociacion-de-comerciantes-y-empresarios-acerv-confia-en-anoreta-golf-para-acoger-su-gala-de-distinciones\/","url":"https:\/\/www.anoretaresort.com\/asociacion-de-comerciantes-y-empresarios-acerv-confia-en-anoreta-golf-para-acoger-su-gala-de-distinciones\/","name":"ASSOCIATION OF TRADERS AND BUSINESSMEN, ACERV, TRUSTS IN A\u00d1ORETA GOLF TO HOST ITS GALA OF DISTINCTIONS - A\u00f1oreta Golf","isPartOf":{"@id":"https:\/\/www.anoretaresort.com\/#website"},"primaryImageOfPage":{"@id":"https:\/\/www.anoretaresort.com\/asociacion-de-comerciantes-y-empresarios-acerv-confia-en-anoreta-golf-para-acoger-su-gala-de-distinciones\/#primaryimage"},"image":{"@id":"https:\/\/www.anoretaresort.com\/asociacion-de-comerciantes-y-empresarios-acerv-confia-en-anoreta-golf-para-acoger-su-gala-de-distinciones\/#primaryimage"},"thumbnailUrl":"https:\/\/www.anoretaresort.com\/wp-content\/uploads\/2021\/01\/Salones-Anoreta-Golf_8354b-1.jpg","datePublished":"2018-11-21T14:33:56+00:00","dateModified":"2025-10-02T14:55:22+00:00","breadcrumb":{"@id":"https:\/\/www.anoretaresort.com\/asociacion-de-comerciantes-y-empresarios-acerv-confia-en-anoreta-golf-para-acoger-su-gala-de-distinciones\/#breadcrumb"},"inLanguage":"en-US","potentialAction":[{"@type":"ReadAction","target":["https:\/\/www.anoretaresort.com\/asociacion-de-comerciantes-y-empresarios-acerv-confia-en-anoreta-golf-para-acoger-su-gala-de-distinciones\/"]}]},{"@type":"ImageObject","inLanguage":"en-US","@id":"https:\/\/www.anoretaresort.com\/asociacion-de-comerciantes-y-empresarios-acerv-confia-en-anoreta-golf-para-acoger-su-gala-de-distinciones\/#primaryimage","url":"https:\/\/www.anoretaresort.com\/wp-content\/uploads\/2021\/01\/Salones-Anoreta-Golf_8354b-1.jpg","contentUrl":"https:\/\/www.anoretaresort.com\/wp-content\/uploads\/2021\/01\/Salones-Anoreta-Golf_8354b-1.jpg","width":1024,"height":682},{"@type":"BreadcrumbList","@id":"https:\/\/www.anoretaresort.com\/asociacion-de-comerciantes-y-empresarios-acerv-confia-en-anoreta-golf-para-acoger-su-gala-de-distinciones\/#breadcrumb","itemListElement":[{"@type":"ListItem","position":1,"name":"Inicio","item":"https:\/\/www.anoretaresort.com\/en\/"},{"@type":"ListItem","position":2,"name":"ASSOCIATION OF TRADERS AND BUSINESSMEN, ACERV, TRUSTS IN A\u00d1ORETA GOLF TO HOST ITS GALA OF DISTINCTIONS"}]},{"@type":"WebSite","@id":"https:\/\/www.anoretaresort.com\/#website","url":"https:\/\/www.anoretaresort.com\/","name":"A\u00f1oreta Golf","description":"A\u00f1oreta Resort, un desaf\u00edo frente al Mar Mediterr\u00e1neo, presenta una propuesta totalmente renovada como Resort &amp; Golf en plena Axarqu\u00eda-Costa del Sol.","publisher":{"@id":"https:\/\/www.anoretaresort.com\/#organization"},"potentialAction":[{"@type":"SearchAction","target":{"@type":"EntryPoint","urlTemplate":"https:\/\/www.anoretaresort.com\/?s={search_term_string}"},"query-input":{"@type":"PropertyValueSpecification","valueRequired":true,"valueName":"search_term_string"}}],"inLanguage":"en-US"},{"@type":"Organization","@id":"https:\/\/www.anoretaresort.com\/#organization","name":"A\u00f1oreta Golf","url":"https:\/\/www.anoretaresort.com\/","logo":{"@type":"ImageObject","inLanguage":"en-US","@id":"https:\/\/www.anoretaresort.com\/#\/schema\/logo\/image\/","url":"https:\/\/www.anoretaresort.com\/wp-content\/uploads\/2025\/08\/cropped-Enmascarar-grupo-1-1.png","contentUrl":"https:\/\/www.anoretaresort.com\/wp-content\/uploads\/2025\/08\/cropped-Enmascarar-grupo-1-1.png","width":782,"height":287,"caption":"A\u00f1oreta Golf"},"image":{"@id":"https:\/\/www.anoretaresort.com\/#\/schema\/logo\/image\/"}},{"@type":"Person","@id":"https:\/\/www.anoretaresort.com\/#\/schema\/person\/27c6ee1c36bef1232c008dd4f0b12762","name":"admin","image":{"@type":"ImageObject","inLanguage":"en-US","@id":"https:\/\/www.anoretaresort.com\/#\/schema\/person\/image\/","url":"https:\/\/secure.gravatar.com\/avatar\/c513cde02c979a038b11704e7862fb9ea67e4a7877470796b4068ad2e51097a1?s=96&d=mm&r=g","contentUrl":"https:\/\/secure.gravatar.com\/avatar\/c513cde02c979a038b11704e7862fb9ea67e4a7877470796b4068ad2e51097a1?s=96&d=mm&r=g","caption":"admin"},"sameAs":["https:\/\/anoreta.zorrocallao.es"],"url":"https:\/\/www.anoretaresort.com\/en\/author\/admin\/"}]}},"_links":{"self":[{"href":"https:\/\/www.anoretaresort.com\/en\/wp-json\/wp\/v2\/posts\/3154","targetHints":{"allow":["GET"]}}],"collection":[{"href":"https:\/\/www.anoretaresort.com\/en\/wp-json\/wp\/v2\/posts"}],"about":[{"href":"https:\/\/www.anoretaresort.com\/en\/wp-json\/wp\/v2\/types\/post"}],"author":[{"embeddable":true,"href":"https:\/\/www.anoretaresort.com\/en\/wp-json\/wp\/v2\/users\/1"}],"replies":[{"embeddable":true,"href":"https:\/\/www.anoretaresort.com\/en\/wp-json\/wp\/v2\/comments?post=3154"}],"version-history":[{"count":1,"href":"https:\/\/www.anoretaresort.com\/en\/wp-json\/wp\/v2\/posts\/3154\/revisions"}],"predecessor-version":[{"id":18952,"href":"https:\/\/www.anoretaresort.com\/en\/wp-json\/wp\/v2\/posts\/3154\/revisions\/18952"}],"wp:featuredmedia":[{"embeddable":true,"href":"https:\/\/www.anoretaresort.com\/en\/wp-json\/wp\/v2\/media\/2418"}],"wp:attachment":[{"href":"https:\/\/www.anoretaresort.com\/en\/wp-json\/wp\/v2\/media?parent=3154"}],"wp:term":[{"taxonomy":"category","embeddable":true,"href":"https:\/\/www.anoretaresort.com\/en\/wp-json\/wp\/v2\/categories?post=3154"},{"taxonomy":"post_tag","embeddable":true,"href":"https:\/\/www.anoretaresort.com\/en\/wp-json\/wp\/v2\/tags?post=3154"}],"curies":[{"name":"wp","href":"https:\/\/api.w.org\/{rel}","templated":true}]}}