{"id":14913,"date":"2023-10-20T10:59:35","date_gmt":"2023-10-20T10:59:35","guid":{"rendered":"https:\/\/www.anoretaresort.com\/?p=14913"},"modified":"2025-10-02T13:59:22","modified_gmt":"2025-10-02T13:59:22","slug":"avocado-days-at-bendita-katalina","status":"publish","type":"post","link":"https:\/\/www.anoretaresort.com\/en\/avocado-days-at-bendita-katalina\/","title":{"rendered":"AVOCADO DAYS AT BENDITA KATALINA"},"content":{"rendered":"\t\t<div data-elementor-type=\"wp-post\" data-elementor-id=\"14913\" class=\"elementor elementor-14913 elementor-14906\" data-elementor-post-type=\"post\">\n\t\t\t\t\t\t<section class=\"elementor-section elementor-top-section elementor-element elementor-element-9b0bf8b elementor-section-boxed elementor-section-height-default elementor-section-height-default\" data-id=\"9b0bf8b\" data-element_type=\"section\">\n\t\t\t\t\t\t<div class=\"elementor-container elementor-column-gap-default\">\n\t\t\t\t\t<div class=\"elementor-column elementor-col-100 elementor-top-column elementor-element elementor-element-652b570\" data-id=\"652b570\" data-element_type=\"column\">\n\t\t\t<div class=\"elementor-widget-wrap elementor-element-populated\">\n\t\t\t\t\t\t<div class=\"elementor-element elementor-element-3cca2f8 elementor-widget elementor-widget-heading\" data-id=\"3cca2f8\" data-element_type=\"widget\" data-widget_type=\"heading.default\">\n\t\t\t\t\t<h2 class=\"elementor-heading-title elementor-size-default\">Avocado Days are coming to Bendita Katalina<\/h2>\t\t\t\t<\/div>\n\t\t\t\t<div class=\"elementor-element elementor-element-1625b49 elementor-widget elementor-widget-text-editor\" data-id=\"1625b49\" data-element_type=\"widget\" data-widget_type=\"text-editor.default\">\n\t\t\t\t\t\t\t\t\t<p>The Bendita Katalina restaurant, located in A\u00f1oreta Resort, returns for the second time after the summer with some new gastronomic days. In this way, they aim to highlight one of the most important products in the area, which has positioned the Axarqu\u00eda region of Malaga as a global reference in the agricultural and gastronomic sector. At the same time, they are contributing immeasurable value to what will be one of their most special gastronomic offerings.<\/p><p>The Avocado Days will take place from October 24 to 29 at the well-known Bendita Katalina restaurant, located in the heart of the Clubhouse of the A\u00f1oreta Resort golf course.<\/p><p>For this occasion, the event is accompanied by this exceptional product, presented in various preparations with the unique touch provided by Katalina&#8217;s culinary team, led by Chef Diego Narbona.<\/p><p>The dishes that make up these Avocado Days can be exclusively enjoyed until October 29 and include: stuffed avocados, warm vegetable salad with grilled avocado, the guaKatamole, and innovative proposals that will make you want to repeat the Bendita Katalina experience.<\/p><p>To enjoy all of this, Bendita Katalina offers its lunch services from Tuesday to Sunday and dinner services every Friday until 1:00 am, in addition to its regular breakfast services that are available seven days a week. (We are open on Mondays but do not offer lunch service).<\/p><p>Furthermore, you can enjoy their outdoor terrace, facing the golf course, and their private dining rooms for special occasions.<\/p><p>You can make a reservation at: http:\/\/bit.ly\/reservaskatalina<br \/>More information and menus: www.benditakatalina.com<\/p>\t\t\t\t\t\t\t\t<\/div>\n\t\t\t\t<div class=\"elementor-element elementor-element-bf4dbd2 elementor-widget elementor-widget-image\" data-id=\"bf4dbd2\" data-element_type=\"widget\" data-widget_type=\"image.default\">\n\t\t\t\t\t\t\t\t\t\t\t\t\t\t\t<img decoding=\"async\" src=\"https:\/\/www.anoretaresort.com\/wp-content\/uploads\/2023\/10\/Captura-de-pantalla-2023-10-19-a-las-14.42.05.png\" title=\"\" alt=\"\" loading=\"lazy\" \/>\t\t\t\t\t\t\t\t\t\t\t\t\t\t\t<\/div>\n\t\t\t\t\t<\/div>\n\t\t<\/div>\n\t\t\t\t\t<\/div>\n\t\t<\/section>\n\t\t\t\t<\/div>\n\t\t","protected":false},"excerpt":{"rendered":"<p>Avocado Days are coming to Bendita Katalina The Bendita Katalina restaurant, located in A\u00f1oreta Resort, returns for the second time after the summer with some new gastronomic days. In this way, they aim to highlight one of the most important products in the area, which has positioned the Axarqu\u00eda region of Malaga as a global [&hellip;]<\/p>\n","protected":false},"author":1,"featured_media":14921,"comment_status":"open","ping_status":"open","sticky":false,"template":"","format":"standard","meta":{"footnotes":""},"categories":[42],"tags":[],"class_list":["post-14913","post","type-post","status-publish","format-standard","has-post-thumbnail","hentry","category-bendita-katalina"],"yoast_head":"<!-- This site is optimized with the Yoast SEO plugin v25.6 - https:\/\/yoast.com\/wordpress\/plugins\/seo\/ -->\n<title>AVOCADO DAYS AT BENDITA KATALINA - A\u00f1oreta Golf<\/title>\n<meta name=\"robots\" content=\"index, follow, max-snippet:-1, max-image-preview:large, max-video-preview:-1\" \/>\n<link rel=\"canonical\" href=\"https:\/\/www.anoretaresort.com\/en\/avocado-days-at-bendita-katalina\/\" \/>\n<meta property=\"og:locale\" content=\"en_US\" \/>\n<meta property=\"og:type\" content=\"article\" \/>\n<meta property=\"og:title\" content=\"AVOCADO DAYS AT BENDITA KATALINA - A\u00f1oreta Golf\" \/>\n<meta property=\"og:description\" content=\"Avocado Days are coming to Bendita Katalina The Bendita Katalina restaurant, located in A\u00f1oreta Resort, returns for the second time after the summer with some new gastronomic days. In this way, they aim to highlight one of the most important products in the area, which has positioned the Axarqu\u00eda region of Malaga as a global [&hellip;]\" \/>\n<meta property=\"og:url\" content=\"https:\/\/www.anoretaresort.com\/en\/avocado-days-at-bendita-katalina\/\" \/>\n<meta property=\"og:site_name\" content=\"A\u00f1oreta Golf\" \/>\n<meta property=\"article:published_time\" content=\"2023-10-20T10:59:35+00:00\" \/>\n<meta property=\"article:modified_time\" content=\"2025-10-02T13:59:22+00:00\" \/>\n<meta property=\"og:image\" content=\"https:\/\/www.anoretaresort.com\/wp-content\/uploads\/2023\/10\/Captura-de-pantalla-2023-10-23-a-las-11.19.36.png\" \/>\n\t<meta property=\"og:image:width\" content=\"1012\" \/>\n\t<meta property=\"og:image:height\" content=\"644\" \/>\n\t<meta property=\"og:image:type\" content=\"image\/png\" \/>\n<meta name=\"author\" content=\"admin\" \/>\n<meta name=\"twitter:card\" content=\"summary_large_image\" \/>\n<meta name=\"twitter:label1\" content=\"Written by\" \/>\n\t<meta name=\"twitter:data1\" content=\"admin\" \/>\n\t<meta name=\"twitter:label2\" content=\"Est. reading time\" \/>\n\t<meta name=\"twitter:data2\" content=\"1 minute\" \/>\n<script type=\"application\/ld+json\" class=\"yoast-schema-graph\">{\"@context\":\"https:\/\/schema.org\",\"@graph\":[{\"@type\":\"Article\",\"@id\":\"https:\/\/www.anoretaresort.com\/en\/avocado-days-at-bendita-katalina\/#article\",\"isPartOf\":{\"@id\":\"https:\/\/www.anoretaresort.com\/en\/avocado-days-at-bendita-katalina\/\"},\"author\":{\"name\":\"admin\",\"@id\":\"https:\/\/www.anoretaresort.com\/#\/schema\/person\/27c6ee1c36bef1232c008dd4f0b12762\"},\"headline\":\"AVOCADO DAYS AT BENDITA KATALINA\",\"datePublished\":\"2023-10-20T10:59:35+00:00\",\"dateModified\":\"2025-10-02T13:59:22+00:00\",\"mainEntityOfPage\":{\"@id\":\"https:\/\/www.anoretaresort.com\/en\/avocado-days-at-bendita-katalina\/\"},\"wordCount\":271,\"commentCount\":0,\"publisher\":{\"@id\":\"https:\/\/www.anoretaresort.com\/#organization\"},\"image\":{\"@id\":\"https:\/\/www.anoretaresort.com\/en\/avocado-days-at-bendita-katalina\/#primaryimage\"},\"thumbnailUrl\":\"https:\/\/www.anoretaresort.com\/wp-content\/uploads\/2023\/10\/Captura-de-pantalla-2023-10-23-a-las-11.19.36.png\",\"articleSection\":[\"Bendita Katalina\"],\"inLanguage\":\"en-US\",\"potentialAction\":[{\"@type\":\"CommentAction\",\"name\":\"Comment\",\"target\":[\"https:\/\/www.anoretaresort.com\/en\/avocado-days-at-bendita-katalina\/#respond\"]}]},{\"@type\":\"WebPage\",\"@id\":\"https:\/\/www.anoretaresort.com\/en\/avocado-days-at-bendita-katalina\/\",\"url\":\"https:\/\/www.anoretaresort.com\/en\/avocado-days-at-bendita-katalina\/\",\"name\":\"AVOCADO DAYS AT BENDITA KATALINA - A\u00f1oreta Golf\",\"isPartOf\":{\"@id\":\"https:\/\/www.anoretaresort.com\/#website\"},\"primaryImageOfPage\":{\"@id\":\"https:\/\/www.anoretaresort.com\/en\/avocado-days-at-bendita-katalina\/#primaryimage\"},\"image\":{\"@id\":\"https:\/\/www.anoretaresort.com\/en\/avocado-days-at-bendita-katalina\/#primaryimage\"},\"thumbnailUrl\":\"https:\/\/www.anoretaresort.com\/wp-content\/uploads\/2023\/10\/Captura-de-pantalla-2023-10-23-a-las-11.19.36.png\",\"datePublished\":\"2023-10-20T10:59:35+00:00\",\"dateModified\":\"2025-10-02T13:59:22+00:00\",\"breadcrumb\":{\"@id\":\"https:\/\/www.anoretaresort.com\/en\/avocado-days-at-bendita-katalina\/#breadcrumb\"},\"inLanguage\":\"en-US\",\"potentialAction\":[{\"@type\":\"ReadAction\",\"target\":[\"https:\/\/www.anoretaresort.com\/en\/avocado-days-at-bendita-katalina\/\"]}]},{\"@type\":\"ImageObject\",\"inLanguage\":\"en-US\",\"@id\":\"https:\/\/www.anoretaresort.com\/en\/avocado-days-at-bendita-katalina\/#primaryimage\",\"url\":\"https:\/\/www.anoretaresort.com\/wp-content\/uploads\/2023\/10\/Captura-de-pantalla-2023-10-23-a-las-11.19.36.png\",\"contentUrl\":\"https:\/\/www.anoretaresort.com\/wp-content\/uploads\/2023\/10\/Captura-de-pantalla-2023-10-23-a-las-11.19.36.png\",\"width\":1012,\"height\":644},{\"@type\":\"BreadcrumbList\",\"@id\":\"https:\/\/www.anoretaresort.com\/en\/avocado-days-at-bendita-katalina\/#breadcrumb\",\"itemListElement\":[{\"@type\":\"ListItem\",\"position\":1,\"name\":\"Inicio\",\"item\":\"https:\/\/www.anoretaresort.com\/en\/\"},{\"@type\":\"ListItem\",\"position\":2,\"name\":\"AVOCADO DAYS AT BENDITA KATALINA\"}]},{\"@type\":\"WebSite\",\"@id\":\"https:\/\/www.anoretaresort.com\/#website\",\"url\":\"https:\/\/www.anoretaresort.com\/\",\"name\":\"A\u00f1oreta Golf\",\"description\":\"A\u00f1oreta Resort, un desaf\u00edo frente al Mar Mediterr\u00e1neo, presenta una propuesta totalmente renovada como Resort &amp; Golf en plena Axarqu\u00eda-Costa del Sol.\",\"publisher\":{\"@id\":\"https:\/\/www.anoretaresort.com\/#organization\"},\"potentialAction\":[{\"@type\":\"SearchAction\",\"target\":{\"@type\":\"EntryPoint\",\"urlTemplate\":\"https:\/\/www.anoretaresort.com\/?s={search_term_string}\"},\"query-input\":{\"@type\":\"PropertyValueSpecification\",\"valueRequired\":true,\"valueName\":\"search_term_string\"}}],\"inLanguage\":\"en-US\"},{\"@type\":\"Organization\",\"@id\":\"https:\/\/www.anoretaresort.com\/#organization\",\"name\":\"A\u00f1oreta Golf\",\"url\":\"https:\/\/www.anoretaresort.com\/\",\"logo\":{\"@type\":\"ImageObject\",\"inLanguage\":\"en-US\",\"@id\":\"https:\/\/www.anoretaresort.com\/#\/schema\/logo\/image\/\",\"url\":\"https:\/\/www.anoretaresort.com\/wp-content\/uploads\/2025\/08\/cropped-Enmascarar-grupo-1-1.png\",\"contentUrl\":\"https:\/\/www.anoretaresort.com\/wp-content\/uploads\/2025\/08\/cropped-Enmascarar-grupo-1-1.png\",\"width\":782,\"height\":287,\"caption\":\"A\u00f1oreta Golf\"},\"image\":{\"@id\":\"https:\/\/www.anoretaresort.com\/#\/schema\/logo\/image\/\"}},{\"@type\":\"Person\",\"@id\":\"https:\/\/www.anoretaresort.com\/#\/schema\/person\/27c6ee1c36bef1232c008dd4f0b12762\",\"name\":\"admin\",\"image\":{\"@type\":\"ImageObject\",\"inLanguage\":\"en-US\",\"@id\":\"https:\/\/www.anoretaresort.com\/#\/schema\/person\/image\/\",\"url\":\"https:\/\/secure.gravatar.com\/avatar\/c513cde02c979a038b11704e7862fb9ea67e4a7877470796b4068ad2e51097a1?s=96&d=mm&r=g\",\"contentUrl\":\"https:\/\/secure.gravatar.com\/avatar\/c513cde02c979a038b11704e7862fb9ea67e4a7877470796b4068ad2e51097a1?s=96&d=mm&r=g\",\"caption\":\"admin\"},\"sameAs\":[\"https:\/\/anoreta.zorrocallao.es\"],\"url\":\"https:\/\/www.anoretaresort.com\/en\/author\/admin\/\"}]}<\/script>\n<!-- \/ Yoast SEO plugin. -->","yoast_head_json":{"title":"AVOCADO DAYS AT BENDITA KATALINA - A\u00f1oreta Golf","robots":{"index":"index","follow":"follow","max-snippet":"max-snippet:-1","max-image-preview":"max-image-preview:large","max-video-preview":"max-video-preview:-1"},"canonical":"https:\/\/www.anoretaresort.com\/en\/avocado-days-at-bendita-katalina\/","og_locale":"en_US","og_type":"article","og_title":"AVOCADO DAYS AT BENDITA KATALINA - A\u00f1oreta Golf","og_description":"Avocado Days are coming to Bendita Katalina The Bendita Katalina restaurant, located in A\u00f1oreta Resort, returns for the second time after the summer with some new gastronomic days. In this way, they aim to highlight one of the most important products in the area, which has positioned the Axarqu\u00eda region of Malaga as a global [&hellip;]","og_url":"https:\/\/www.anoretaresort.com\/en\/avocado-days-at-bendita-katalina\/","og_site_name":"A\u00f1oreta Golf","article_published_time":"2023-10-20T10:59:35+00:00","article_modified_time":"2025-10-02T13:59:22+00:00","og_image":[{"width":1012,"height":644,"url":"https:\/\/www.anoretaresort.com\/wp-content\/uploads\/2023\/10\/Captura-de-pantalla-2023-10-23-a-las-11.19.36.png","type":"image\/png"}],"author":"admin","twitter_card":"summary_large_image","twitter_misc":{"Written by":"admin","Est. reading time":"1 minute"},"schema":{"@context":"https:\/\/schema.org","@graph":[{"@type":"Article","@id":"https:\/\/www.anoretaresort.com\/en\/avocado-days-at-bendita-katalina\/#article","isPartOf":{"@id":"https:\/\/www.anoretaresort.com\/en\/avocado-days-at-bendita-katalina\/"},"author":{"name":"admin","@id":"https:\/\/www.anoretaresort.com\/#\/schema\/person\/27c6ee1c36bef1232c008dd4f0b12762"},"headline":"AVOCADO DAYS AT BENDITA KATALINA","datePublished":"2023-10-20T10:59:35+00:00","dateModified":"2025-10-02T13:59:22+00:00","mainEntityOfPage":{"@id":"https:\/\/www.anoretaresort.com\/en\/avocado-days-at-bendita-katalina\/"},"wordCount":271,"commentCount":0,"publisher":{"@id":"https:\/\/www.anoretaresort.com\/#organization"},"image":{"@id":"https:\/\/www.anoretaresort.com\/en\/avocado-days-at-bendita-katalina\/#primaryimage"},"thumbnailUrl":"https:\/\/www.anoretaresort.com\/wp-content\/uploads\/2023\/10\/Captura-de-pantalla-2023-10-23-a-las-11.19.36.png","articleSection":["Bendita Katalina"],"inLanguage":"en-US","potentialAction":[{"@type":"CommentAction","name":"Comment","target":["https:\/\/www.anoretaresort.com\/en\/avocado-days-at-bendita-katalina\/#respond"]}]},{"@type":"WebPage","@id":"https:\/\/www.anoretaresort.com\/en\/avocado-days-at-bendita-katalina\/","url":"https:\/\/www.anoretaresort.com\/en\/avocado-days-at-bendita-katalina\/","name":"AVOCADO DAYS AT BENDITA KATALINA - A\u00f1oreta Golf","isPartOf":{"@id":"https:\/\/www.anoretaresort.com\/#website"},"primaryImageOfPage":{"@id":"https:\/\/www.anoretaresort.com\/en\/avocado-days-at-bendita-katalina\/#primaryimage"},"image":{"@id":"https:\/\/www.anoretaresort.com\/en\/avocado-days-at-bendita-katalina\/#primaryimage"},"thumbnailUrl":"https:\/\/www.anoretaresort.com\/wp-content\/uploads\/2023\/10\/Captura-de-pantalla-2023-10-23-a-las-11.19.36.png","datePublished":"2023-10-20T10:59:35+00:00","dateModified":"2025-10-02T13:59:22+00:00","breadcrumb":{"@id":"https:\/\/www.anoretaresort.com\/en\/avocado-days-at-bendita-katalina\/#breadcrumb"},"inLanguage":"en-US","potentialAction":[{"@type":"ReadAction","target":["https:\/\/www.anoretaresort.com\/en\/avocado-days-at-bendita-katalina\/"]}]},{"@type":"ImageObject","inLanguage":"en-US","@id":"https:\/\/www.anoretaresort.com\/en\/avocado-days-at-bendita-katalina\/#primaryimage","url":"https:\/\/www.anoretaresort.com\/wp-content\/uploads\/2023\/10\/Captura-de-pantalla-2023-10-23-a-las-11.19.36.png","contentUrl":"https:\/\/www.anoretaresort.com\/wp-content\/uploads\/2023\/10\/Captura-de-pantalla-2023-10-23-a-las-11.19.36.png","width":1012,"height":644},{"@type":"BreadcrumbList","@id":"https:\/\/www.anoretaresort.com\/en\/avocado-days-at-bendita-katalina\/#breadcrumb","itemListElement":[{"@type":"ListItem","position":1,"name":"Inicio","item":"https:\/\/www.anoretaresort.com\/en\/"},{"@type":"ListItem","position":2,"name":"AVOCADO DAYS AT BENDITA KATALINA"}]},{"@type":"WebSite","@id":"https:\/\/www.anoretaresort.com\/#website","url":"https:\/\/www.anoretaresort.com\/","name":"A\u00f1oreta Golf","description":"A\u00f1oreta Resort, un desaf\u00edo frente al Mar Mediterr\u00e1neo, presenta una propuesta totalmente renovada como Resort &amp; Golf en plena Axarqu\u00eda-Costa del Sol.","publisher":{"@id":"https:\/\/www.anoretaresort.com\/#organization"},"potentialAction":[{"@type":"SearchAction","target":{"@type":"EntryPoint","urlTemplate":"https:\/\/www.anoretaresort.com\/?s={search_term_string}"},"query-input":{"@type":"PropertyValueSpecification","valueRequired":true,"valueName":"search_term_string"}}],"inLanguage":"en-US"},{"@type":"Organization","@id":"https:\/\/www.anoretaresort.com\/#organization","name":"A\u00f1oreta Golf","url":"https:\/\/www.anoretaresort.com\/","logo":{"@type":"ImageObject","inLanguage":"en-US","@id":"https:\/\/www.anoretaresort.com\/#\/schema\/logo\/image\/","url":"https:\/\/www.anoretaresort.com\/wp-content\/uploads\/2025\/08\/cropped-Enmascarar-grupo-1-1.png","contentUrl":"https:\/\/www.anoretaresort.com\/wp-content\/uploads\/2025\/08\/cropped-Enmascarar-grupo-1-1.png","width":782,"height":287,"caption":"A\u00f1oreta Golf"},"image":{"@id":"https:\/\/www.anoretaresort.com\/#\/schema\/logo\/image\/"}},{"@type":"Person","@id":"https:\/\/www.anoretaresort.com\/#\/schema\/person\/27c6ee1c36bef1232c008dd4f0b12762","name":"admin","image":{"@type":"ImageObject","inLanguage":"en-US","@id":"https:\/\/www.anoretaresort.com\/#\/schema\/person\/image\/","url":"https:\/\/secure.gravatar.com\/avatar\/c513cde02c979a038b11704e7862fb9ea67e4a7877470796b4068ad2e51097a1?s=96&d=mm&r=g","contentUrl":"https:\/\/secure.gravatar.com\/avatar\/c513cde02c979a038b11704e7862fb9ea67e4a7877470796b4068ad2e51097a1?s=96&d=mm&r=g","caption":"admin"},"sameAs":["https:\/\/anoreta.zorrocallao.es"],"url":"https:\/\/www.anoretaresort.com\/en\/author\/admin\/"}]}},"_links":{"self":[{"href":"https:\/\/www.anoretaresort.com\/en\/wp-json\/wp\/v2\/posts\/14913","targetHints":{"allow":["GET"]}}],"collection":[{"href":"https:\/\/www.anoretaresort.com\/en\/wp-json\/wp\/v2\/posts"}],"about":[{"href":"https:\/\/www.anoretaresort.com\/en\/wp-json\/wp\/v2\/types\/post"}],"author":[{"embeddable":true,"href":"https:\/\/www.anoretaresort.com\/en\/wp-json\/wp\/v2\/users\/1"}],"replies":[{"embeddable":true,"href":"https:\/\/www.anoretaresort.com\/en\/wp-json\/wp\/v2\/comments?post=14913"}],"version-history":[{"count":1,"href":"https:\/\/www.anoretaresort.com\/en\/wp-json\/wp\/v2\/posts\/14913\/revisions"}],"predecessor-version":[{"id":18807,"href":"https:\/\/www.anoretaresort.com\/en\/wp-json\/wp\/v2\/posts\/14913\/revisions\/18807"}],"wp:featuredmedia":[{"embeddable":true,"href":"https:\/\/www.anoretaresort.com\/en\/wp-json\/wp\/v2\/media\/14921"}],"wp:attachment":[{"href":"https:\/\/www.anoretaresort.com\/en\/wp-json\/wp\/v2\/media?parent=14913"}],"wp:term":[{"taxonomy":"category","embeddable":true,"href":"https:\/\/www.anoretaresort.com\/en\/wp-json\/wp\/v2\/categories?post=14913"},{"taxonomy":"post_tag","embeddable":true,"href":"https:\/\/www.anoretaresort.com\/en\/wp-json\/wp\/v2\/tags?post=14913"}],"curies":[{"name":"wp","href":"https:\/\/api.w.org\/{rel}","templated":true}]}}